{"id":1060,"date":"2023-06-27T14:03:36","date_gmt":"2023-06-27T14:03:36","guid":{"rendered":"https:\/\/aerovehicles.net\/?p=1060"},"modified":"2024-10-28T16:23:40","modified_gmt":"2024-10-28T16:23:40","slug":"interinstitutional-cooperation-framework-agreement-between-the-paraguayan-air-force-fap-and-aerovehicles-paraguay-s-a","status":"publish","type":"post","link":"https:\/\/aerovehicles.net\/es\/paraguay\/interinstitutional-cooperation-framework-agreement-between-the-paraguayan-air-force-fap-and-aerovehicles-paraguay-s-a\/","title":{"rendered":"Acuerdo Marco de Cooperaci\u00f3n Interinstitucional entre la Fuerza A\u00e9rea Paraguaya (FAP) y Aerovehicles Paraguay S.A."},"content":{"rendered":"<p>Esta tarde, martes 27 de junio del presente a\u00f1o, se llev\u00f3 a cabo la firma del Acuerdo Marco de Cooperaci\u00f3n Interinstitucional entre la Fuerza A\u00e9rea Paraguaya, representada por el GRAL DEL AIRE ARTURO JAVIER GONZ\u00c1LEZ OCAMPO, en su calidad de Comandante, y por otro lado, la empresa AEROVEHICLES PARAGUAY S.A., representada por el ING. GERARDO MONZ\u00d3N MANZONI, en su calidad de Presidente de Aerovehicles Paraguay S.A.<\/p>\n\n\n\n<div class=\"wp-block-media-text is-stacked-on-mobile\"><figure class=\"wp-block-media-text__media\"><img decoding=\"async\" width=\"1024\" height=\"682\" data-src=\"https:\/\/aerovehicles.net\/wp-content\/uploads\/2024\/10\/Fuerza-Aerea-Paraguaya-Aerovehicles-Paraguay-SA-10-1024x682-1.jpg\" alt=\"\" class=\"wp-image-1061 size-full lazyload\" data-srcset=\"https:\/\/aerovehicles.net\/wp-content\/uploads\/2024\/10\/Fuerza-Aerea-Paraguaya-Aerovehicles-Paraguay-SA-10-1024x682-1.jpg 1024w, https:\/\/aerovehicles.net\/wp-content\/uploads\/2024\/10\/Fuerza-Aerea-Paraguaya-Aerovehicles-Paraguay-SA-10-1024x682-1-300x200.jpg 300w, https:\/\/aerovehicles.net\/wp-content\/uploads\/2024\/10\/Fuerza-Aerea-Paraguaya-Aerovehicles-Paraguay-SA-10-1024x682-1-768x512.jpg 768w, https:\/\/aerovehicles.net\/wp-content\/uploads\/2024\/10\/Fuerza-Aerea-Paraguaya-Aerovehicles-Paraguay-SA-10-1024x682-1-18x12.jpg 18w, https:\/\/aerovehicles.net\/wp-content\/uploads\/2024\/10\/Fuerza-Aerea-Paraguaya-Aerovehicles-Paraguay-SA-10-1024x682-1-500x333.jpg 500w, https:\/\/aerovehicles.net\/wp-content\/uploads\/2024\/10\/Fuerza-Aerea-Paraguaya-Aerovehicles-Paraguay-SA-10-1024x682-1-800x533.jpg 800w, https:\/\/aerovehicles.net\/wp-content\/uploads\/2024\/10\/Fuerza-Aerea-Paraguaya-Aerovehicles-Paraguay-SA-10-1024x682-1-570x380.jpg 570w, https:\/\/aerovehicles.net\/wp-content\/uploads\/2024\/10\/Fuerza-Aerea-Paraguaya-Aerovehicles-Paraguay-SA-10-1024x682-1-380x254.jpg 380w, https:\/\/aerovehicles.net\/wp-content\/uploads\/2024\/10\/Fuerza-Aerea-Paraguaya-Aerovehicles-Paraguay-SA-10-1024x682-1-285x190.jpg 285w\" data-sizes=\"(max-width: 1024px) 100vw, 1024px\" src=\"data:image\/svg+xml;base64,PHN2ZyB3aWR0aD0iMSIgaGVpZ2h0PSIxIiB4bWxucz0iaHR0cDovL3d3dy53My5vcmcvMjAwMC9zdmciPjwvc3ZnPg==\" style=\"--smush-placeholder-width: 1024px; --smush-placeholder-aspect-ratio: 1024\/682;\" \/><\/figure><div class=\"wp-block-media-text__content\">\n<p>El prop\u00f3sito de este Acuerdo ser\u00e1 la cooperaci\u00f3n y asistencia mutua entre la FAP y AVI-PY para la colaboraci\u00f3n en diversas actividades, tales como cooperaci\u00f3n t\u00e9cnica, acad\u00e9mica, tecnol\u00f3gica, de innovaci\u00f3n, cient\u00edfica, profesional, social y ambiental, de acuerdo con la disponibilidad presupuestaria, medios y personal calificado de cada una de las partes.<\/p>\n<\/div><\/div>\n\n\n\n<div class=\"wp-block-media-text has-media-on-the-right is-stacked-on-mobile\"><div class=\"wp-block-media-text__content\">\n<p>La firma de este acuerdo representa la firme dedicaci\u00f3n de ambas entidades al progreso de Paraguay. A trav\u00e9s de proyectos colaborativos, buscan inspirar a otras instituciones mientras contribuyen activamente al crecimiento y desarrollo de la industria aeroespacial de Paraguay y m\u00e1s all\u00e1.<\/p>\n<\/div><figure class=\"wp-block-media-text__media\"><img decoding=\"async\" width=\"1024\" height=\"682\" data-src=\"https:\/\/aerovehicles.net\/wp-content\/uploads\/2024\/10\/Fuerza-Aerea-Paraguaya-Aerovehicles-Paraguay-SA-11-1024x682-1.jpg\" alt=\"\" class=\"wp-image-1062 size-full lazyload\" data-srcset=\"https:\/\/aerovehicles.net\/wp-content\/uploads\/2024\/10\/Fuerza-Aerea-Paraguaya-Aerovehicles-Paraguay-SA-11-1024x682-1.jpg 1024w, https:\/\/aerovehicles.net\/wp-content\/uploads\/2024\/10\/Fuerza-Aerea-Paraguaya-Aerovehicles-Paraguay-SA-11-1024x682-1-300x200.jpg 300w, https:\/\/aerovehicles.net\/wp-content\/uploads\/2024\/10\/Fuerza-Aerea-Paraguaya-Aerovehicles-Paraguay-SA-11-1024x682-1-768x512.jpg 768w, https:\/\/aerovehicles.net\/wp-content\/uploads\/2024\/10\/Fuerza-Aerea-Paraguaya-Aerovehicles-Paraguay-SA-11-1024x682-1-18x12.jpg 18w, https:\/\/aerovehicles.net\/wp-content\/uploads\/2024\/10\/Fuerza-Aerea-Paraguaya-Aerovehicles-Paraguay-SA-11-1024x682-1-500x333.jpg 500w, https:\/\/aerovehicles.net\/wp-content\/uploads\/2024\/10\/Fuerza-Aerea-Paraguaya-Aerovehicles-Paraguay-SA-11-1024x682-1-800x533.jpg 800w, https:\/\/aerovehicles.net\/wp-content\/uploads\/2024\/10\/Fuerza-Aerea-Paraguaya-Aerovehicles-Paraguay-SA-11-1024x682-1-570x380.jpg 570w, https:\/\/aerovehicles.net\/wp-content\/uploads\/2024\/10\/Fuerza-Aerea-Paraguaya-Aerovehicles-Paraguay-SA-11-1024x682-1-380x254.jpg 380w, https:\/\/aerovehicles.net\/wp-content\/uploads\/2024\/10\/Fuerza-Aerea-Paraguaya-Aerovehicles-Paraguay-SA-11-1024x682-1-285x190.jpg 285w\" data-sizes=\"(max-width: 1024px) 100vw, 1024px\" src=\"data:image\/svg+xml;base64,PHN2ZyB3aWR0aD0iMSIgaGVpZ2h0PSIxIiB4bWxucz0iaHR0cDovL3d3dy53My5vcmcvMjAwMC9zdmciPjwvc3ZnPg==\" style=\"--smush-placeholder-width: 1024px; --smush-placeholder-aspect-ratio: 1024\/682;\" \/><\/figure><\/div>\n\n\n\n<div class=\"wp-block-media-text is-stacked-on-mobile\"><figure class=\"wp-block-media-text__media\"><img decoding=\"async\" width=\"1024\" height=\"682\" data-src=\"https:\/\/aerovehicles.net\/wp-content\/uploads\/2024\/10\/Fuerza-Aerea-Paraguaya-Aerovehicles-Paraguay-SA-12-1024x682-1.jpg\" alt=\"\" class=\"wp-image-1063 size-full lazyload\" data-srcset=\"https:\/\/aerovehicles.net\/wp-content\/uploads\/2024\/10\/Fuerza-Aerea-Paraguaya-Aerovehicles-Paraguay-SA-12-1024x682-1.jpg 1024w, https:\/\/aerovehicles.net\/wp-content\/uploads\/2024\/10\/Fuerza-Aerea-Paraguaya-Aerovehicles-Paraguay-SA-12-1024x682-1-300x200.jpg 300w, https:\/\/aerovehicles.net\/wp-content\/uploads\/2024\/10\/Fuerza-Aerea-Paraguaya-Aerovehicles-Paraguay-SA-12-1024x682-1-768x512.jpg 768w, https:\/\/aerovehicles.net\/wp-content\/uploads\/2024\/10\/Fuerza-Aerea-Paraguaya-Aerovehicles-Paraguay-SA-12-1024x682-1-18x12.jpg 18w, https:\/\/aerovehicles.net\/wp-content\/uploads\/2024\/10\/Fuerza-Aerea-Paraguaya-Aerovehicles-Paraguay-SA-12-1024x682-1-500x333.jpg 500w, https:\/\/aerovehicles.net\/wp-content\/uploads\/2024\/10\/Fuerza-Aerea-Paraguaya-Aerovehicles-Paraguay-SA-12-1024x682-1-800x533.jpg 800w, https:\/\/aerovehicles.net\/wp-content\/uploads\/2024\/10\/Fuerza-Aerea-Paraguaya-Aerovehicles-Paraguay-SA-12-1024x682-1-570x380.jpg 570w, https:\/\/aerovehicles.net\/wp-content\/uploads\/2024\/10\/Fuerza-Aerea-Paraguaya-Aerovehicles-Paraguay-SA-12-1024x682-1-380x254.jpg 380w, https:\/\/aerovehicles.net\/wp-content\/uploads\/2024\/10\/Fuerza-Aerea-Paraguaya-Aerovehicles-Paraguay-SA-12-1024x682-1-285x190.jpg 285w\" data-sizes=\"(max-width: 1024px) 100vw, 1024px\" src=\"data:image\/svg+xml;base64,PHN2ZyB3aWR0aD0iMSIgaGVpZ2h0PSIxIiB4bWxucz0iaHR0cDovL3d3dy53My5vcmcvMjAwMC9zdmciPjwvc3ZnPg==\" style=\"--smush-placeholder-width: 1024px; --smush-placeholder-aspect-ratio: 1024\/682;\" \/><\/figure><div class=\"wp-block-media-text__content\">\n<p>En conclusi\u00f3n, la alianza entre la Fuerza A\u00e9rea Paraguaya y Aerovehicles Paraguay S.A. tiene un enorme potencial para impulsar proyectos aeroespaciales y promover el desarrollo general en Paraguay. Este acuerdo est\u00e1 destinado a alcanzar hitos notables, fomentar la innovaci\u00f3n y crear un futuro m\u00e1s prometedor en el sector aeroespacial y m\u00e1s all\u00e1.<\/p>\n<\/div><\/div>","protected":false},"excerpt":{"rendered":"<p>Esta tarde, martes 27 de junio del presente a\u00f1o, se llev\u00f3 a cabo la firma del Acuerdo Marco de Cooperaci\u00f3n Interinstitucional entre la Fuerza A\u00e9rea Paraguaya, representada por el GRAL DEL AIRE ARTURO JAVIER GONZ\u00c1LEZ OCAMPO, en su calidad de Comandante, y por otro lado, la empresa AEROVEHICLES PARAGUAY S.A., representada por el ING. GERARDO MONZ\u00d3N MANZONI, en su calidad de Presidente de Aerovehicles Paraguay S.A.<span class=\"post-excerpt-end\">&hellip;<\/span><\/p>\n<p class=\"more-link\"><a href=\"https:\/\/aerovehicles.net\/es\/paraguay\/interinstitutional-cooperation-framework-agreement-between-the-paraguayan-air-force-fap-and-aerovehicles-paraguay-s-a\/\" class=\"themebutton\">Leer m\u00e1s<\/a><\/p>","protected":false},"author":1,"featured_media":1061,"comment_status":"closed","ping_status":"open","sticky":false,"template":"","format":"standard","meta":{"footnotes":""},"categories":[21,18,19],"tags":[12,20,14],"class_list":["post-1060","post","type-post","status-publish","format-standard","has-post-thumbnail","hentry","category-aerovehicles","category-paraguay","category-press","tag-aerovehicles","tag-paraguay","tag-press"],"yoast_head":"<!-- This site is optimized with the Yoast SEO plugin v27.5 - https:\/\/yoast.com\/product\/yoast-seo-wordpress\/ -->\n<title>Interinstitutional Cooperation Framework Agreement between the Paraguayan Air Force (FAP) and Aerovehicles Paraguay S.A. - Aerovehicles<\/title>\n<meta name=\"robots\" content=\"index, follow, max-snippet:-1, max-image-preview:large, max-video-preview:-1\" \/>\n<link rel=\"canonical\" href=\"https:\/\/aerovehicles.net\/es\/paraguay\/interinstitutional-cooperation-framework-agreement-between-the-paraguayan-air-force-fap-and-aerovehicles-paraguay-s-a\/\" \/>\n<meta property=\"og:locale\" content=\"es_ES\" \/>\n<meta property=\"og:type\" content=\"article\" \/>\n<meta property=\"og:title\" content=\"Interinstitutional Cooperation Framework Agreement between the Paraguayan Air Force (FAP) and Aerovehicles Paraguay S.A. - Aerovehicles\" \/>\n<meta property=\"og:description\" content=\"This afternoon, Tuesday, June 27th of the current year, the signing of the Framework Agreement for Inter-institutional Cooperation between the Paraguayan Air Force, represented by GRAL DEL AIR ARTURO JAVIER GONZ\u00c1LEZ OCAMPO, in his capacity as Commander and on the other hand, and the company AEROVEHICLES PARAGUAY S.A, represented by ING GERARDO MONZ\u00d3N MANZONI, in&hellip;Leer m\u00e1s\" \/>\n<meta property=\"og:url\" content=\"https:\/\/aerovehicles.net\/es\/paraguay\/interinstitutional-cooperation-framework-agreement-between-the-paraguayan-air-force-fap-and-aerovehicles-paraguay-s-a\/\" \/>\n<meta property=\"og:site_name\" content=\"Aerovehicles\" \/>\n<meta property=\"article:publisher\" content=\"https:\/\/www.facebook.com\/aerovehicles\" \/>\n<meta property=\"article:published_time\" content=\"2023-06-27T14:03:36+00:00\" \/>\n<meta property=\"article:modified_time\" content=\"2024-10-28T16:23:40+00:00\" \/>\n<meta property=\"og:image\" content=\"https:\/\/aerovehicles.net\/wp-content\/uploads\/2024\/10\/Fuerza-Aerea-Paraguaya-Aerovehicles-Paraguay-SA-10-1024x682-1.jpg\" \/>\n\t<meta property=\"og:image:width\" content=\"1024\" \/>\n\t<meta property=\"og:image:height\" content=\"682\" \/>\n\t<meta property=\"og:image:type\" content=\"image\/jpeg\" \/>\n<meta name=\"author\" content=\"admin\" \/>\n<meta name=\"twitter:card\" content=\"summary_large_image\" \/>\n<meta name=\"twitter:creator\" content=\"@AeroVehicles\" \/>\n<meta name=\"twitter:site\" content=\"@AeroVehicles\" \/>\n<meta name=\"twitter:label1\" content=\"Escrito por\" \/>\n\t<meta name=\"twitter:data1\" content=\"admin\" \/>\n\t<meta name=\"twitter:label2\" content=\"Tiempo de lectura\" \/>\n\t<meta name=\"twitter:data2\" content=\"1 minuto\" \/>\n<script type=\"application\/ld+json\" class=\"yoast-schema-graph\">{\"@context\":\"https:\\\/\\\/schema.org\",\"@graph\":[{\"@type\":\"Article\",\"@id\":\"https:\\\/\\\/aerovehicles.net\\\/paraguay\\\/interinstitutional-cooperation-framework-agreement-between-the-paraguayan-air-force-fap-and-aerovehicles-paraguay-s-a\\\/#article\",\"isPartOf\":{\"@id\":\"https:\\\/\\\/aerovehicles.net\\\/paraguay\\\/interinstitutional-cooperation-framework-agreement-between-the-paraguayan-air-force-fap-and-aerovehicles-paraguay-s-a\\\/\"},\"author\":{\"name\":\"admin\",\"@id\":\"https:\\\/\\\/aerovehicles.net\\\/#\\\/schema\\\/person\\\/5cb30a8f998fd94f970301ae97350874\"},\"headline\":\"Interinstitutional Cooperation Framework Agreement between the Paraguayan Air Force (FAP) and Aerovehicles Paraguay S.A.\",\"datePublished\":\"2023-06-27T14:03:36+00:00\",\"dateModified\":\"2024-10-28T16:23:40+00:00\",\"mainEntityOfPage\":{\"@id\":\"https:\\\/\\\/aerovehicles.net\\\/paraguay\\\/interinstitutional-cooperation-framework-agreement-between-the-paraguayan-air-force-fap-and-aerovehicles-paraguay-s-a\\\/\"},\"wordCount\":217,\"publisher\":{\"@id\":\"https:\\\/\\\/aerovehicles.net\\\/#organization\"},\"image\":{\"@id\":\"https:\\\/\\\/aerovehicles.net\\\/paraguay\\\/interinstitutional-cooperation-framework-agreement-between-the-paraguayan-air-force-fap-and-aerovehicles-paraguay-s-a\\\/#primaryimage\"},\"thumbnailUrl\":\"https:\\\/\\\/aerovehicles.net\\\/wp-content\\\/uploads\\\/2024\\\/10\\\/Fuerza-Aerea-Paraguaya-Aerovehicles-Paraguay-SA-10-1024x682-1.jpg\",\"keywords\":[\"aerovehicles\",\"paraguay\",\"press\"],\"articleSection\":[\"aerovehicles\",\"paraguay\",\"press\"],\"inLanguage\":\"es\"},{\"@type\":\"WebPage\",\"@id\":\"https:\\\/\\\/aerovehicles.net\\\/paraguay\\\/interinstitutional-cooperation-framework-agreement-between-the-paraguayan-air-force-fap-and-aerovehicles-paraguay-s-a\\\/\",\"url\":\"https:\\\/\\\/aerovehicles.net\\\/paraguay\\\/interinstitutional-cooperation-framework-agreement-between-the-paraguayan-air-force-fap-and-aerovehicles-paraguay-s-a\\\/\",\"name\":\"Interinstitutional Cooperation Framework Agreement between the Paraguayan Air Force (FAP) and Aerovehicles Paraguay S.A. - Aerovehicles\",\"isPartOf\":{\"@id\":\"https:\\\/\\\/aerovehicles.net\\\/#website\"},\"primaryImageOfPage\":{\"@id\":\"https:\\\/\\\/aerovehicles.net\\\/paraguay\\\/interinstitutional-cooperation-framework-agreement-between-the-paraguayan-air-force-fap-and-aerovehicles-paraguay-s-a\\\/#primaryimage\"},\"image\":{\"@id\":\"https:\\\/\\\/aerovehicles.net\\\/paraguay\\\/interinstitutional-cooperation-framework-agreement-between-the-paraguayan-air-force-fap-and-aerovehicles-paraguay-s-a\\\/#primaryimage\"},\"thumbnailUrl\":\"https:\\\/\\\/aerovehicles.net\\\/wp-content\\\/uploads\\\/2024\\\/10\\\/Fuerza-Aerea-Paraguaya-Aerovehicles-Paraguay-SA-10-1024x682-1.jpg\",\"datePublished\":\"2023-06-27T14:03:36+00:00\",\"dateModified\":\"2024-10-28T16:23:40+00:00\",\"breadcrumb\":{\"@id\":\"https:\\\/\\\/aerovehicles.net\\\/paraguay\\\/interinstitutional-cooperation-framework-agreement-between-the-paraguayan-air-force-fap-and-aerovehicles-paraguay-s-a\\\/#breadcrumb\"},\"inLanguage\":\"es\",\"potentialAction\":[{\"@type\":\"ReadAction\",\"target\":[\"https:\\\/\\\/aerovehicles.net\\\/paraguay\\\/interinstitutional-cooperation-framework-agreement-between-the-paraguayan-air-force-fap-and-aerovehicles-paraguay-s-a\\\/\"]}]},{\"@type\":\"ImageObject\",\"inLanguage\":\"es\",\"@id\":\"https:\\\/\\\/aerovehicles.net\\\/paraguay\\\/interinstitutional-cooperation-framework-agreement-between-the-paraguayan-air-force-fap-and-aerovehicles-paraguay-s-a\\\/#primaryimage\",\"url\":\"https:\\\/\\\/aerovehicles.net\\\/wp-content\\\/uploads\\\/2024\\\/10\\\/Fuerza-Aerea-Paraguaya-Aerovehicles-Paraguay-SA-10-1024x682-1.jpg\",\"contentUrl\":\"https:\\\/\\\/aerovehicles.net\\\/wp-content\\\/uploads\\\/2024\\\/10\\\/Fuerza-Aerea-Paraguaya-Aerovehicles-Paraguay-SA-10-1024x682-1.jpg\",\"width\":1024,\"height\":682},{\"@type\":\"BreadcrumbList\",\"@id\":\"https:\\\/\\\/aerovehicles.net\\\/paraguay\\\/interinstitutional-cooperation-framework-agreement-between-the-paraguayan-air-force-fap-and-aerovehicles-paraguay-s-a\\\/#breadcrumb\",\"itemListElement\":[{\"@type\":\"ListItem\",\"position\":1,\"name\":\"Home\",\"item\":\"https:\\\/\\\/aerovehicles.net\\\/\"},{\"@type\":\"ListItem\",\"position\":2,\"name\":\"Interinstitutional Cooperation Framework Agreement between the Paraguayan Air Force (FAP) and Aerovehicles Paraguay S.A.\"}]},{\"@type\":\"WebSite\",\"@id\":\"https:\\\/\\\/aerovehicles.net\\\/#website\",\"url\":\"https:\\\/\\\/aerovehicles.net\\\/\",\"name\":\"Aerovehicles\",\"description\":\"Airborne Solutions\",\"publisher\":{\"@id\":\"https:\\\/\\\/aerovehicles.net\\\/#organization\"},\"potentialAction\":[{\"@type\":\"SearchAction\",\"target\":{\"@type\":\"EntryPoint\",\"urlTemplate\":\"https:\\\/\\\/aerovehicles.net\\\/?s={search_term_string}\"},\"query-input\":{\"@type\":\"PropertyValueSpecification\",\"valueRequired\":true,\"valueName\":\"search_term_string\"}}],\"inLanguage\":\"es\"},{\"@type\":\"Organization\",\"@id\":\"https:\\\/\\\/aerovehicles.net\\\/#organization\",\"name\":\"Aerovehicles\",\"url\":\"https:\\\/\\\/aerovehicles.net\\\/\",\"logo\":{\"@type\":\"ImageObject\",\"inLanguage\":\"es\",\"@id\":\"https:\\\/\\\/aerovehicles.net\\\/#\\\/schema\\\/logo\\\/image\\\/\",\"url\":\"https:\\\/\\\/aerovehicles.net\\\/wp-content\\\/uploads\\\/2024\\\/10\\\/cropped-cropped-AVI-Logo-2020-v2-logo-wp-1.png\",\"contentUrl\":\"https:\\\/\\\/aerovehicles.net\\\/wp-content\\\/uploads\\\/2024\\\/10\\\/cropped-cropped-AVI-Logo-2020-v2-logo-wp-1.png\",\"width\":312,\"height\":200,\"caption\":\"Aerovehicles\"},\"image\":{\"@id\":\"https:\\\/\\\/aerovehicles.net\\\/#\\\/schema\\\/logo\\\/image\\\/\"},\"sameAs\":[\"https:\\\/\\\/www.facebook.com\\\/aerovehicles\",\"https:\\\/\\\/x.com\\\/AeroVehicles\",\"https:\\\/\\\/www.linkedin.com\\\/company\\\/aerovehicles-inc-\",\"https:\\\/\\\/instagram.com\\\/aerovehicles\"]},{\"@type\":\"Person\",\"@id\":\"https:\\\/\\\/aerovehicles.net\\\/#\\\/schema\\\/person\\\/5cb30a8f998fd94f970301ae97350874\",\"name\":\"admin\",\"image\":{\"@type\":\"ImageObject\",\"inLanguage\":\"es\",\"@id\":\"https:\\\/\\\/secure.gravatar.com\\\/avatar\\\/591d318b5453424beaee35adf740e72fa0dbf243312be6aa2bc0edf903823897?s=96&d=mm&r=g\",\"url\":\"https:\\\/\\\/secure.gravatar.com\\\/avatar\\\/591d318b5453424beaee35adf740e72fa0dbf243312be6aa2bc0edf903823897?s=96&d=mm&r=g\",\"contentUrl\":\"https:\\\/\\\/secure.gravatar.com\\\/avatar\\\/591d318b5453424beaee35adf740e72fa0dbf243312be6aa2bc0edf903823897?s=96&d=mm&r=g\",\"caption\":\"admin\"},\"sameAs\":[\"https:\\\/\\\/aerovehicles.net\"],\"url\":\"https:\\\/\\\/aerovehicles.net\\\/es\\\/author\\\/admin\\\/\"}]}<\/script>\n<!-- \/ Yoast SEO plugin. -->","yoast_head_json":{"title":"Interinstitutional Cooperation Framework Agreement between the Paraguayan Air Force (FAP) and Aerovehicles Paraguay S.A. - Aerovehicles","robots":{"index":"index","follow":"follow","max-snippet":"max-snippet:-1","max-image-preview":"max-image-preview:large","max-video-preview":"max-video-preview:-1"},"canonical":"https:\/\/aerovehicles.net\/es\/paraguay\/interinstitutional-cooperation-framework-agreement-between-the-paraguayan-air-force-fap-and-aerovehicles-paraguay-s-a\/","og_locale":"es_ES","og_type":"article","og_title":"Interinstitutional Cooperation Framework Agreement between the Paraguayan Air Force (FAP) and Aerovehicles Paraguay S.A. - Aerovehicles","og_description":"This afternoon, Tuesday, June 27th of the current year, the signing of the Framework Agreement for Inter-institutional Cooperation between the Paraguayan Air Force, represented by GRAL DEL AIR ARTURO JAVIER GONZ\u00c1LEZ OCAMPO, in his capacity as Commander and on the other hand, and the company AEROVEHICLES PARAGUAY S.A, represented by ING GERARDO MONZ\u00d3N MANZONI, in&hellip;Leer m\u00e1s","og_url":"https:\/\/aerovehicles.net\/es\/paraguay\/interinstitutional-cooperation-framework-agreement-between-the-paraguayan-air-force-fap-and-aerovehicles-paraguay-s-a\/","og_site_name":"Aerovehicles","article_publisher":"https:\/\/www.facebook.com\/aerovehicles","article_published_time":"2023-06-27T14:03:36+00:00","article_modified_time":"2024-10-28T16:23:40+00:00","og_image":[{"width":1024,"height":682,"url":"https:\/\/aerovehicles.net\/wp-content\/uploads\/2024\/10\/Fuerza-Aerea-Paraguaya-Aerovehicles-Paraguay-SA-10-1024x682-1.jpg","type":"image\/jpeg"}],"author":"admin","twitter_card":"summary_large_image","twitter_creator":"@AeroVehicles","twitter_site":"@AeroVehicles","twitter_misc":{"Escrito por":"admin","Tiempo de lectura":"1 minuto"},"schema":{"@context":"https:\/\/schema.org","@graph":[{"@type":"Article","@id":"https:\/\/aerovehicles.net\/paraguay\/interinstitutional-cooperation-framework-agreement-between-the-paraguayan-air-force-fap-and-aerovehicles-paraguay-s-a\/#article","isPartOf":{"@id":"https:\/\/aerovehicles.net\/paraguay\/interinstitutional-cooperation-framework-agreement-between-the-paraguayan-air-force-fap-and-aerovehicles-paraguay-s-a\/"},"author":{"name":"admin","@id":"https:\/\/aerovehicles.net\/#\/schema\/person\/5cb30a8f998fd94f970301ae97350874"},"headline":"Interinstitutional Cooperation Framework Agreement between the Paraguayan Air Force (FAP) and Aerovehicles Paraguay S.A.","datePublished":"2023-06-27T14:03:36+00:00","dateModified":"2024-10-28T16:23:40+00:00","mainEntityOfPage":{"@id":"https:\/\/aerovehicles.net\/paraguay\/interinstitutional-cooperation-framework-agreement-between-the-paraguayan-air-force-fap-and-aerovehicles-paraguay-s-a\/"},"wordCount":217,"publisher":{"@id":"https:\/\/aerovehicles.net\/#organization"},"image":{"@id":"https:\/\/aerovehicles.net\/paraguay\/interinstitutional-cooperation-framework-agreement-between-the-paraguayan-air-force-fap-and-aerovehicles-paraguay-s-a\/#primaryimage"},"thumbnailUrl":"https:\/\/aerovehicles.net\/wp-content\/uploads\/2024\/10\/Fuerza-Aerea-Paraguaya-Aerovehicles-Paraguay-SA-10-1024x682-1.jpg","keywords":["aerovehicles","paraguay","press"],"articleSection":["aerovehicles","paraguay","press"],"inLanguage":"es"},{"@type":"WebPage","@id":"https:\/\/aerovehicles.net\/paraguay\/interinstitutional-cooperation-framework-agreement-between-the-paraguayan-air-force-fap-and-aerovehicles-paraguay-s-a\/","url":"https:\/\/aerovehicles.net\/paraguay\/interinstitutional-cooperation-framework-agreement-between-the-paraguayan-air-force-fap-and-aerovehicles-paraguay-s-a\/","name":"Interinstitutional Cooperation Framework Agreement between the Paraguayan Air Force (FAP) and Aerovehicles Paraguay S.A. - Aerovehicles","isPartOf":{"@id":"https:\/\/aerovehicles.net\/#website"},"primaryImageOfPage":{"@id":"https:\/\/aerovehicles.net\/paraguay\/interinstitutional-cooperation-framework-agreement-between-the-paraguayan-air-force-fap-and-aerovehicles-paraguay-s-a\/#primaryimage"},"image":{"@id":"https:\/\/aerovehicles.net\/paraguay\/interinstitutional-cooperation-framework-agreement-between-the-paraguayan-air-force-fap-and-aerovehicles-paraguay-s-a\/#primaryimage"},"thumbnailUrl":"https:\/\/aerovehicles.net\/wp-content\/uploads\/2024\/10\/Fuerza-Aerea-Paraguaya-Aerovehicles-Paraguay-SA-10-1024x682-1.jpg","datePublished":"2023-06-27T14:03:36+00:00","dateModified":"2024-10-28T16:23:40+00:00","breadcrumb":{"@id":"https:\/\/aerovehicles.net\/paraguay\/interinstitutional-cooperation-framework-agreement-between-the-paraguayan-air-force-fap-and-aerovehicles-paraguay-s-a\/#breadcrumb"},"inLanguage":"es","potentialAction":[{"@type":"ReadAction","target":["https:\/\/aerovehicles.net\/paraguay\/interinstitutional-cooperation-framework-agreement-between-the-paraguayan-air-force-fap-and-aerovehicles-paraguay-s-a\/"]}]},{"@type":"ImageObject","inLanguage":"es","@id":"https:\/\/aerovehicles.net\/paraguay\/interinstitutional-cooperation-framework-agreement-between-the-paraguayan-air-force-fap-and-aerovehicles-paraguay-s-a\/#primaryimage","url":"https:\/\/aerovehicles.net\/wp-content\/uploads\/2024\/10\/Fuerza-Aerea-Paraguaya-Aerovehicles-Paraguay-SA-10-1024x682-1.jpg","contentUrl":"https:\/\/aerovehicles.net\/wp-content\/uploads\/2024\/10\/Fuerza-Aerea-Paraguaya-Aerovehicles-Paraguay-SA-10-1024x682-1.jpg","width":1024,"height":682},{"@type":"BreadcrumbList","@id":"https:\/\/aerovehicles.net\/paraguay\/interinstitutional-cooperation-framework-agreement-between-the-paraguayan-air-force-fap-and-aerovehicles-paraguay-s-a\/#breadcrumb","itemListElement":[{"@type":"ListItem","position":1,"name":"Home","item":"https:\/\/aerovehicles.net\/"},{"@type":"ListItem","position":2,"name":"Interinstitutional Cooperation Framework Agreement between the Paraguayan Air Force (FAP) and Aerovehicles Paraguay S.A."}]},{"@type":"WebSite","@id":"https:\/\/aerovehicles.net\/#website","url":"https:\/\/aerovehicles.net\/","name":"Aerovehicles","description":"Airborne Solutions","publisher":{"@id":"https:\/\/aerovehicles.net\/#organization"},"potentialAction":[{"@type":"SearchAction","target":{"@type":"EntryPoint","urlTemplate":"https:\/\/aerovehicles.net\/?s={search_term_string}"},"query-input":{"@type":"PropertyValueSpecification","valueRequired":true,"valueName":"search_term_string"}}],"inLanguage":"es"},{"@type":"Organization","@id":"https:\/\/aerovehicles.net\/#organization","name":"Aerovehicles","url":"https:\/\/aerovehicles.net\/","logo":{"@type":"ImageObject","inLanguage":"es","@id":"https:\/\/aerovehicles.net\/#\/schema\/logo\/image\/","url":"https:\/\/aerovehicles.net\/wp-content\/uploads\/2024\/10\/cropped-cropped-AVI-Logo-2020-v2-logo-wp-1.png","contentUrl":"https:\/\/aerovehicles.net\/wp-content\/uploads\/2024\/10\/cropped-cropped-AVI-Logo-2020-v2-logo-wp-1.png","width":312,"height":200,"caption":"Aerovehicles"},"image":{"@id":"https:\/\/aerovehicles.net\/#\/schema\/logo\/image\/"},"sameAs":["https:\/\/www.facebook.com\/aerovehicles","https:\/\/x.com\/AeroVehicles","https:\/\/www.linkedin.com\/company\/aerovehicles-inc-","https:\/\/instagram.com\/aerovehicles"]},{"@type":"Person","@id":"https:\/\/aerovehicles.net\/#\/schema\/person\/5cb30a8f998fd94f970301ae97350874","name":"admin","image":{"@type":"ImageObject","inLanguage":"es","@id":"https:\/\/secure.gravatar.com\/avatar\/591d318b5453424beaee35adf740e72fa0dbf243312be6aa2bc0edf903823897?s=96&d=mm&r=g","url":"https:\/\/secure.gravatar.com\/avatar\/591d318b5453424beaee35adf740e72fa0dbf243312be6aa2bc0edf903823897?s=96&d=mm&r=g","contentUrl":"https:\/\/secure.gravatar.com\/avatar\/591d318b5453424beaee35adf740e72fa0dbf243312be6aa2bc0edf903823897?s=96&d=mm&r=g","caption":"admin"},"sameAs":["https:\/\/aerovehicles.net"],"url":"https:\/\/aerovehicles.net\/es\/author\/admin\/"}]}},"_links":{"self":[{"href":"https:\/\/aerovehicles.net\/es\/wp-json\/wp\/v2\/posts\/1060","targetHints":{"allow":["GET"]}}],"collection":[{"href":"https:\/\/aerovehicles.net\/es\/wp-json\/wp\/v2\/posts"}],"about":[{"href":"https:\/\/aerovehicles.net\/es\/wp-json\/wp\/v2\/types\/post"}],"author":[{"embeddable":true,"href":"https:\/\/aerovehicles.net\/es\/wp-json\/wp\/v2\/users\/1"}],"replies":[{"embeddable":true,"href":"https:\/\/aerovehicles.net\/es\/wp-json\/wp\/v2\/comments?post=1060"}],"version-history":[{"count":2,"href":"https:\/\/aerovehicles.net\/es\/wp-json\/wp\/v2\/posts\/1060\/revisions"}],"predecessor-version":[{"id":1144,"href":"https:\/\/aerovehicles.net\/es\/wp-json\/wp\/v2\/posts\/1060\/revisions\/1144"}],"wp:featuredmedia":[{"embeddable":true,"href":"https:\/\/aerovehicles.net\/es\/wp-json\/wp\/v2\/media\/1061"}],"wp:attachment":[{"href":"https:\/\/aerovehicles.net\/es\/wp-json\/wp\/v2\/media?parent=1060"}],"wp:term":[{"taxonomy":"category","embeddable":true,"href":"https:\/\/aerovehicles.net\/es\/wp-json\/wp\/v2\/categories?post=1060"},{"taxonomy":"post_tag","embeddable":true,"href":"https:\/\/aerovehicles.net\/es\/wp-json\/wp\/v2\/tags?post=1060"}],"curies":[{"name":"wp","href":"https:\/\/api.w.org\/{rel}","templated":true}]}}